{"id":27068,"date":"2020-03-18T09:09:37","date_gmt":"2020-03-18T14:09:37","guid":{"rendered":"http:\/\/www.iedq.com.br\/site\/?p=27068"},"modified":"2020-03-18T09:09:37","modified_gmt":"2020-03-18T14:09:37","slug":"coronavirus-orientacoes-de-prevencao","status":"publish","type":"post","link":"https:\/\/www.iedq.com.br\/site\/coronavirus-orientacoes-de-prevencao\/","title":{"rendered":"Coronav\u00edrus: orienta\u00e7\u00f5es de preven\u00e7\u00e3o"},"content":{"rendered":"<p>Siga corretamente todas as orienta\u00e7\u00f5es e fique em casa o m\u00e1ximo de tempo poss\u00edvel.<\/p>\n<div id='gallery-1' class='gallery galleryid-27068 gallery-columns-3 gallery-size-thumbnail'><figure class='gallery-item'>\n\t\t\t<div class='gallery-icon landscape'>\n\t\t\t\t<a href='https:\/\/www.iedq.com.br\/site\/coronavirus-orientacoes-de-prevencao\/img_20200318_105343_343\/'><img width=\"150\" height=\"150\" src=\"https:\/\/www.iedq.com.br\/site\/wp-content\/uploads\/2020\/03\/IMG_20200318_105343_343-150x150.jpg\" class=\"attachment-thumbnail size-thumbnail colorbox-27068 \" alt=\"\" loading=\"lazy\" srcset=\"https:\/\/www.iedq.com.br\/site\/wp-content\/uploads\/2020\/03\/IMG_20200318_105343_343-150x150.jpg 150w, https:\/\/www.iedq.com.br\/site\/wp-content\/uploads\/2020\/03\/IMG_20200318_105343_343-300x300.jpg 300w, https:\/\/www.iedq.com.br\/site\/wp-content\/uploads\/2020\/03\/IMG_20200318_105343_343-768x768.jpg 768w, https:\/\/www.iedq.com.br\/site\/wp-content\/uploads\/2020\/03\/IMG_20200318_105343_343-1024x1024.jpg 1024w, https:\/\/www.iedq.com.br\/site\/wp-content\/uploads\/2020\/03\/IMG_20200318_105343_343-250x250.jpg 250w, https:\/\/www.iedq.com.br\/site\/wp-content\/uploads\/2020\/03\/IMG_20200318_105343_343-50x50.jpg 50w, https:\/\/www.iedq.com.br\/site\/wp-content\/uploads\/2020\/03\/IMG_20200318_105343_343-800x800.jpg 800w, https:\/\/www.iedq.com.br\/site\/wp-content\/uploads\/2020\/03\/IMG_20200318_105343_343.jpg 1080w\" sizes=\"(max-width: 150px) 100vw, 150px\" \/><\/a>\n\t\t\t<\/div><\/figure><figure class='gallery-item'>\n\t\t\t<div class='gallery-icon landscape'>\n\t\t\t\t<a href='https:\/\/www.iedq.com.br\/site\/coronavirus-orientacoes-de-prevencao\/20200317_195244_0000\/'><img width=\"150\" height=\"150\" src=\"https:\/\/www.iedq.com.br\/site\/wp-content\/uploads\/2020\/03\/20200317_195244_0000-150x150.png\" class=\"attachment-thumbnail size-thumbnail colorbox-27068 \" alt=\"\" loading=\"lazy\" srcset=\"https:\/\/www.iedq.com.br\/site\/wp-content\/uploads\/2020\/03\/20200317_195244_0000-150x150.png 150w, https:\/\/www.iedq.com.br\/site\/wp-content\/uploads\/2020\/03\/20200317_195244_0000-300x300.png 300w, https:\/\/www.iedq.com.br\/site\/wp-content\/uploads\/2020\/03\/20200317_195244_0000-768x768.png 768w, https:\/\/www.iedq.com.br\/site\/wp-content\/uploads\/2020\/03\/20200317_195244_0000-1024x1024.png 1024w, https:\/\/www.iedq.com.br\/site\/wp-content\/uploads\/2020\/03\/20200317_195244_0000-250x250.png 250w, https:\/\/www.iedq.com.br\/site\/wp-content\/uploads\/2020\/03\/20200317_195244_0000-50x50.png 50w, https:\/\/www.iedq.com.br\/site\/wp-content\/uploads\/2020\/03\/20200317_195244_0000-800x800.png 800w\" sizes=\"(max-width: 150px) 100vw, 150px\" \/><\/a>\n\t\t\t<\/div><\/figure><figure class='gallery-item'>\n\t\t\t<div class='gallery-icon landscape'>\n\t\t\t\t<a href='https:\/\/www.iedq.com.br\/site\/coronavirus-orientacoes-de-prevencao\/20200317_200707_0000\/'><img width=\"150\" height=\"150\" src=\"https:\/\/www.iedq.com.br\/site\/wp-content\/uploads\/2020\/03\/20200317_200707_0000-150x150.png\" class=\"attachment-thumbnail size-thumbnail colorbox-27068 \" alt=\"\" loading=\"lazy\" srcset=\"https:\/\/www.iedq.com.br\/site\/wp-content\/uploads\/2020\/03\/20200317_200707_0000-150x150.png 150w, https:\/\/www.iedq.com.br\/site\/wp-content\/uploads\/2020\/03\/20200317_200707_0000-300x300.png 300w, https:\/\/www.iedq.com.br\/site\/wp-content\/uploads\/2020\/03\/20200317_200707_0000-768x768.png 768w, https:\/\/www.iedq.com.br\/site\/wp-content\/uploads\/2020\/03\/20200317_200707_0000-1024x1024.png 1024w, https:\/\/www.iedq.com.br\/site\/wp-content\/uploads\/2020\/03\/20200317_200707_0000-250x250.png 250w, https:\/\/www.iedq.com.br\/site\/wp-content\/uploads\/2020\/03\/20200317_200707_0000-50x50.png 50w, https:\/\/www.iedq.com.br\/site\/wp-content\/uploads\/2020\/03\/20200317_200707_0000-800x800.png 800w\" sizes=\"(max-width: 150px) 100vw, 150px\" \/><\/a>\n\t\t\t<\/div><\/figure><figure class='gallery-item'>\n\t\t\t<div class='gallery-icon landscape'>\n\t\t\t\t<a href='https:\/\/www.iedq.com.br\/site\/coronavirus-orientacoes-de-prevencao\/20200317_200505_0000\/'><img width=\"150\" height=\"150\" src=\"https:\/\/www.iedq.com.br\/site\/wp-content\/uploads\/2020\/03\/20200317_200505_0000-150x150.png\" class=\"attachment-thumbnail size-thumbnail colorbox-27068 \" alt=\"\" loading=\"lazy\" srcset=\"https:\/\/www.iedq.com.br\/site\/wp-content\/uploads\/2020\/03\/20200317_200505_0000-150x150.png 150w, https:\/\/www.iedq.com.br\/site\/wp-content\/uploads\/2020\/03\/20200317_200505_0000-300x300.png 300w, https:\/\/www.iedq.com.br\/site\/wp-content\/uploads\/2020\/03\/20200317_200505_0000-768x768.png 768w, https:\/\/www.iedq.com.br\/site\/wp-content\/uploads\/2020\/03\/20200317_200505_0000-1024x1024.png 1024w, https:\/\/www.iedq.com.br\/site\/wp-content\/uploads\/2020\/03\/20200317_200505_0000-250x250.png 250w, https:\/\/www.iedq.com.br\/site\/wp-content\/uploads\/2020\/03\/20200317_200505_0000-50x50.png 50w, https:\/\/www.iedq.com.br\/site\/wp-content\/uploads\/2020\/03\/20200317_200505_0000-800x800.png 800w\" sizes=\"(max-width: 150px) 100vw, 150px\" \/><\/a>\n\t\t\t<\/div><\/figure><figure class='gallery-item'>\n\t\t\t<div class='gallery-icon landscape'>\n\t\t\t\t<a href='https:\/\/www.iedq.com.br\/site\/coronavirus-orientacoes-de-prevencao\/20200317_201411_0000\/'><img width=\"150\" height=\"150\" src=\"https:\/\/www.iedq.com.br\/site\/wp-content\/uploads\/2020\/03\/20200317_201411_0000-150x150.png\" class=\"attachment-thumbnail size-thumbnail colorbox-27068 \" alt=\"\" loading=\"lazy\" srcset=\"https:\/\/www.iedq.com.br\/site\/wp-content\/uploads\/2020\/03\/20200317_201411_0000-150x150.png 150w, https:\/\/www.iedq.com.br\/site\/wp-content\/uploads\/2020\/03\/20200317_201411_0000-300x300.png 300w, https:\/\/www.iedq.com.br\/site\/wp-content\/uploads\/2020\/03\/20200317_201411_0000-768x768.png 768w, https:\/\/www.iedq.com.br\/site\/wp-content\/uploads\/2020\/03\/20200317_201411_0000-1024x1024.png 1024w, https:\/\/www.iedq.com.br\/site\/wp-content\/uploads\/2020\/03\/20200317_201411_0000-250x250.png 250w, https:\/\/www.iedq.com.br\/site\/wp-content\/uploads\/2020\/03\/20200317_201411_0000-50x50.png 50w, https:\/\/www.iedq.com.br\/site\/wp-content\/uploads\/2020\/03\/20200317_201411_0000-800x800.png 800w\" sizes=\"(max-width: 150px) 100vw, 150px\" \/><\/a>\n\t\t\t<\/div><\/figure><figure class='gallery-item'>\n\t\t\t<div class='gallery-icon landscape'>\n\t\t\t\t<a href='https:\/\/www.iedq.com.br\/site\/coronavirus-orientacoes-de-prevencao\/20200318_104751_0000\/'><img width=\"150\" height=\"150\" src=\"https:\/\/www.iedq.com.br\/site\/wp-content\/uploads\/2020\/03\/20200318_104751_0000-150x150.png\" class=\"attachment-thumbnail size-thumbnail colorbox-27068 \" alt=\"\" loading=\"lazy\" srcset=\"https:\/\/www.iedq.com.br\/site\/wp-content\/uploads\/2020\/03\/20200318_104751_0000-150x150.png 150w, https:\/\/www.iedq.com.br\/site\/wp-content\/uploads\/2020\/03\/20200318_104751_0000-300x300.png 300w, https:\/\/www.iedq.com.br\/site\/wp-content\/uploads\/2020\/03\/20200318_104751_0000-768x768.png 768w, https:\/\/www.iedq.com.br\/site\/wp-content\/uploads\/2020\/03\/20200318_104751_0000-1024x1024.png 1024w, https:\/\/www.iedq.com.br\/site\/wp-content\/uploads\/2020\/03\/20200318_104751_0000-250x250.png 250w, https:\/\/www.iedq.com.br\/site\/wp-content\/uploads\/2020\/03\/20200318_104751_0000-50x50.png 50w, https:\/\/www.iedq.com.br\/site\/wp-content\/uploads\/2020\/03\/20200318_104751_0000-800x800.png 800w\" sizes=\"(max-width: 150px) 100vw, 150px\" \/><\/a>\n\t\t\t<\/div><\/figure>\n\t\t<\/div>\n\n","protected":false},"excerpt":{"rendered":"<p>Siga corretamente todas as orienta\u00e7\u00f5es e fique em casa o m\u00e1ximo de tempo poss\u00edvel.<\/p>\n","protected":false},"author":3,"featured_media":27069,"comment_status":"open","ping_status":"open","sticky":false,"template":"","format":"standard","meta":[],"categories":[3,1],"tags":[],"yoast_head":"<!-- This site is optimized with the Yoast SEO plugin v18.2 - https:\/\/yoast.com\/wordpress\/plugins\/seo\/ -->\n<title>Coronav\u00edrus: orienta\u00e7\u00f5es de preven\u00e7\u00e3o - Instituto de Ensino Dom Quixote - Valen\u00e7a do Piau\u00ed - Piau\u00ed<\/title>\n<meta name=\"description\" content=\"O Instituto de Ensino Dom Quixote nasceu de um \u201cProjeto Sonho\u201d arrojado e audacioso de Ana Belisa Souza Lima Verde e Etevalda Oliveira, atrav\u00e9s de seus antecessores o GURI e EDUCA, estas educadoras valencianas t\u00eam uma grande parcela de contribui\u00e7\u00e3o na educa\u00e7\u00e3o desta regi\u00e3o, respons\u00e1veis pela forma\u00e7\u00e3o em todos os segmentos profissionais da maioria das crian\u00e7as e jovens de nossa regi\u00e3o, oferecendo uma base escolar consistente.\" \/>\n<meta name=\"robots\" content=\"index, follow, max-snippet:-1, max-image-preview:large, max-video-preview:-1\" \/>\n<link rel=\"canonical\" href=\"https:\/\/www.iedq.com.br\/site\/coronavirus-orientacoes-de-prevencao\/\" \/>\n<meta property=\"og:locale\" content=\"pt_BR\" \/>\n<meta property=\"og:type\" content=\"article\" \/>\n<meta property=\"og:title\" content=\"Coronav\u00edrus: orienta\u00e7\u00f5es de preven\u00e7\u00e3o - Instituto de Ensino Dom Quixote - Valen\u00e7a do Piau\u00ed - Piau\u00ed\" \/>\n<meta property=\"og:description\" content=\"O Instituto de Ensino Dom Quixote nasceu de um \u201cProjeto Sonho\u201d arrojado e audacioso de Ana Belisa Souza Lima Verde e Etevalda Oliveira, atrav\u00e9s de seus antecessores o GURI e EDUCA, estas educadoras valencianas t\u00eam uma grande parcela de contribui\u00e7\u00e3o na educa\u00e7\u00e3o desta regi\u00e3o, respons\u00e1veis pela forma\u00e7\u00e3o em todos os segmentos profissionais da maioria das crian\u00e7as e jovens de nossa regi\u00e3o, oferecendo uma base escolar consistente.\" \/>\n<meta property=\"og:url\" content=\"https:\/\/www.iedq.com.br\/site\/coronavirus-orientacoes-de-prevencao\/\" \/>\n<meta property=\"og:site_name\" content=\"Instituto de Ensino Dom Quixote - Valen\u00e7a do Piau\u00ed - Piau\u00ed\" \/>\n<meta property=\"article:published_time\" content=\"2020-03-18T14:09:37+00:00\" \/>\n<meta property=\"og:image\" content=\"https:\/\/www.iedq.com.br\/site\/wp-content\/uploads\/2020\/03\/IMG_20200318_105343_343.jpg\" \/>\n\t<meta property=\"og:image:width\" content=\"1080\" \/>\n\t<meta property=\"og:image:height\" content=\"1080\" \/>\n\t<meta property=\"og:image:type\" content=\"image\/jpeg\" \/>\n<meta name=\"twitter:card\" content=\"summary_large_image\" \/>\n<meta name=\"twitter:label1\" content=\"Escrito por\" \/>\n\t<meta name=\"twitter:data1\" content=\"IEDQ\" \/>\n<script type=\"application\/ld+json\" class=\"yoast-schema-graph\">{\"@context\":\"https:\/\/schema.org\",\"@graph\":[{\"@type\":\"Organization\",\"@id\":\"https:\/\/www.iedq.com.br\/site\/#organization\",\"name\":\"Instituto de Ensino Dom Quixote\",\"url\":\"https:\/\/www.iedq.com.br\/site\/\",\"sameAs\":[],\"logo\":{\"@type\":\"ImageObject\",\"@id\":\"https:\/\/www.iedq.com.br\/site\/#logo\",\"inLanguage\":\"pt-BR\",\"url\":\"https:\/\/www.iedq.com.br\/site\/wp-content\/uploads\/2015\/06\/logomarca_site.png\",\"contentUrl\":\"https:\/\/www.iedq.com.br\/site\/wp-content\/uploads\/2015\/06\/logomarca_site.png\",\"width\":228,\"height\":98,\"caption\":\"Instituto de Ensino Dom Quixote\"},\"image\":{\"@id\":\"https:\/\/www.iedq.com.br\/site\/#logo\"}},{\"@type\":\"WebSite\",\"@id\":\"https:\/\/www.iedq.com.br\/site\/#website\",\"url\":\"https:\/\/www.iedq.com.br\/site\/\",\"name\":\"Instituto de Ensino Dom Quixote - Valen\u00e7a do Piau\u00ed - Piau\u00ed\",\"description\":\"Escola privada de Valen\u00e7a do Piau\u00ed-PI\",\"publisher\":{\"@id\":\"https:\/\/www.iedq.com.br\/site\/#organization\"},\"potentialAction\":[{\"@type\":\"SearchAction\",\"target\":{\"@type\":\"EntryPoint\",\"urlTemplate\":\"https:\/\/www.iedq.com.br\/site\/?s={search_term_string}\"},\"query-input\":\"required name=search_term_string\"}],\"inLanguage\":\"pt-BR\"},{\"@type\":\"ImageObject\",\"@id\":\"https:\/\/www.iedq.com.br\/site\/coronavirus-orientacoes-de-prevencao\/#primaryimage\",\"inLanguage\":\"pt-BR\",\"url\":\"https:\/\/www.iedq.com.br\/site\/wp-content\/uploads\/2020\/03\/IMG_20200318_105343_343.jpg\",\"contentUrl\":\"https:\/\/www.iedq.com.br\/site\/wp-content\/uploads\/2020\/03\/IMG_20200318_105343_343.jpg\",\"width\":1080,\"height\":1080},{\"@type\":\"WebPage\",\"@id\":\"https:\/\/www.iedq.com.br\/site\/coronavirus-orientacoes-de-prevencao\/#webpage\",\"url\":\"https:\/\/www.iedq.com.br\/site\/coronavirus-orientacoes-de-prevencao\/\",\"name\":\"Coronav\u00edrus: orienta\u00e7\u00f5es de preven\u00e7\u00e3o - Instituto de Ensino Dom Quixote - Valen\u00e7a do Piau\u00ed - Piau\u00ed\",\"isPartOf\":{\"@id\":\"https:\/\/www.iedq.com.br\/site\/#website\"},\"primaryImageOfPage\":{\"@id\":\"https:\/\/www.iedq.com.br\/site\/coronavirus-orientacoes-de-prevencao\/#primaryimage\"},\"datePublished\":\"2020-03-18T14:09:37+00:00\",\"dateModified\":\"2020-03-18T14:09:37+00:00\",\"description\":\"O Instituto de Ensino Dom Quixote nasceu de um \u201cProjeto Sonho\u201d arrojado e audacioso de Ana Belisa Souza Lima Verde e Etevalda Oliveira, atrav\u00e9s de seus antecessores o GURI e EDUCA, estas educadoras valencianas t\u00eam uma grande parcela de contribui\u00e7\u00e3o na educa\u00e7\u00e3o desta regi\u00e3o, respons\u00e1veis pela forma\u00e7\u00e3o em todos os segmentos profissionais da maioria das crian\u00e7as e jovens de nossa regi\u00e3o, oferecendo uma base escolar consistente.\",\"breadcrumb\":{\"@id\":\"https:\/\/www.iedq.com.br\/site\/coronavirus-orientacoes-de-prevencao\/#breadcrumb\"},\"inLanguage\":\"pt-BR\",\"potentialAction\":[{\"@type\":\"ReadAction\",\"target\":[\"https:\/\/www.iedq.com.br\/site\/coronavirus-orientacoes-de-prevencao\/\"]}]},{\"@type\":\"BreadcrumbList\",\"@id\":\"https:\/\/www.iedq.com.br\/site\/coronavirus-orientacoes-de-prevencao\/#breadcrumb\",\"itemListElement\":[{\"@type\":\"ListItem\",\"position\":1,\"name\":\"In\u00edcio\",\"item\":\"https:\/\/www.iedq.com.br\/site\/\"},{\"@type\":\"ListItem\",\"position\":2,\"name\":\"Coronav\u00edrus: orienta\u00e7\u00f5es de preven\u00e7\u00e3o\"}]},{\"@type\":\"Article\",\"@id\":\"https:\/\/www.iedq.com.br\/site\/coronavirus-orientacoes-de-prevencao\/#article\",\"isPartOf\":{\"@id\":\"https:\/\/www.iedq.com.br\/site\/coronavirus-orientacoes-de-prevencao\/#webpage\"},\"author\":{\"@id\":\"https:\/\/www.iedq.com.br\/site\/#\/schema\/person\/b29eb486942218b8123f4bf92a156394\"},\"headline\":\"Coronav\u00edrus: orienta\u00e7\u00f5es de preven\u00e7\u00e3o\",\"datePublished\":\"2020-03-18T14:09:37+00:00\",\"dateModified\":\"2020-03-18T14:09:37+00:00\",\"mainEntityOfPage\":{\"@id\":\"https:\/\/www.iedq.com.br\/site\/coronavirus-orientacoes-de-prevencao\/#webpage\"},\"wordCount\":26,\"commentCount\":0,\"publisher\":{\"@id\":\"https:\/\/www.iedq.com.br\/site\/#organization\"},\"image\":{\"@id\":\"https:\/\/www.iedq.com.br\/site\/coronavirus-orientacoes-de-prevencao\/#primaryimage\"},\"thumbnailUrl\":\"https:\/\/www.iedq.com.br\/site\/wp-content\/uploads\/2020\/03\/IMG_20200318_105343_343.jpg\",\"articleSection\":[\"Destaques\",\"Not\u00edcias\"],\"inLanguage\":\"pt-BR\",\"potentialAction\":[{\"@type\":\"CommentAction\",\"name\":\"Comment\",\"target\":[\"https:\/\/www.iedq.com.br\/site\/coronavirus-orientacoes-de-prevencao\/#respond\"]}]},{\"@type\":\"Person\",\"@id\":\"https:\/\/www.iedq.com.br\/site\/#\/schema\/person\/b29eb486942218b8123f4bf92a156394\",\"name\":\"IEDQ\",\"image\":{\"@type\":\"ImageObject\",\"@id\":\"https:\/\/www.iedq.com.br\/site\/#personlogo\",\"inLanguage\":\"pt-BR\",\"url\":\"https:\/\/secure.gravatar.com\/avatar\/26f562346ae3f5dbc7fe9423cb1cc834?s=96&d=mm&r=g\",\"contentUrl\":\"https:\/\/secure.gravatar.com\/avatar\/26f562346ae3f5dbc7fe9423cb1cc834?s=96&d=mm&r=g\",\"caption\":\"IEDQ\"},\"url\":\"https:\/\/www.iedq.com.br\/site\/author\/iedq\/\"}]}<\/script>\n<!-- \/ Yoast SEO plugin. -->","yoast_head_json":{"title":"Coronav\u00edrus: orienta\u00e7\u00f5es de preven\u00e7\u00e3o - Instituto de Ensino Dom Quixote - Valen\u00e7a do Piau\u00ed - Piau\u00ed","description":"O Instituto de Ensino Dom Quixote nasceu de um \u201cProjeto Sonho\u201d arrojado e audacioso de Ana Belisa Souza Lima Verde e Etevalda Oliveira, atrav\u00e9s de seus antecessores o GURI e EDUCA, estas educadoras valencianas t\u00eam uma grande parcela de contribui\u00e7\u00e3o na educa\u00e7\u00e3o desta regi\u00e3o, respons\u00e1veis pela forma\u00e7\u00e3o em todos os segmentos profissionais da maioria das crian\u00e7as e jovens de nossa regi\u00e3o, oferecendo uma base escolar consistente.","robots":{"index":"index","follow":"follow","max-snippet":"max-snippet:-1","max-image-preview":"max-image-preview:large","max-video-preview":"max-video-preview:-1"},"canonical":"https:\/\/www.iedq.com.br\/site\/coronavirus-orientacoes-de-prevencao\/","og_locale":"pt_BR","og_type":"article","og_title":"Coronav\u00edrus: orienta\u00e7\u00f5es de preven\u00e7\u00e3o - Instituto de Ensino Dom Quixote - Valen\u00e7a do Piau\u00ed - Piau\u00ed","og_description":"O Instituto de Ensino Dom Quixote nasceu de um \u201cProjeto Sonho\u201d arrojado e audacioso de Ana Belisa Souza Lima Verde e Etevalda Oliveira, atrav\u00e9s de seus antecessores o GURI e EDUCA, estas educadoras valencianas t\u00eam uma grande parcela de contribui\u00e7\u00e3o na educa\u00e7\u00e3o desta regi\u00e3o, respons\u00e1veis pela forma\u00e7\u00e3o em todos os segmentos profissionais da maioria das crian\u00e7as e jovens de nossa regi\u00e3o, oferecendo uma base escolar consistente.","og_url":"https:\/\/www.iedq.com.br\/site\/coronavirus-orientacoes-de-prevencao\/","og_site_name":"Instituto de Ensino Dom Quixote - Valen\u00e7a do Piau\u00ed - Piau\u00ed","article_published_time":"2020-03-18T14:09:37+00:00","og_image":[{"width":1080,"height":1080,"url":"https:\/\/www.iedq.com.br\/site\/wp-content\/uploads\/2020\/03\/IMG_20200318_105343_343.jpg","type":"image\/jpeg"}],"twitter_card":"summary_large_image","twitter_misc":{"Escrito por":"IEDQ"},"schema":{"@context":"https:\/\/schema.org","@graph":[{"@type":"Organization","@id":"https:\/\/www.iedq.com.br\/site\/#organization","name":"Instituto de Ensino Dom Quixote","url":"https:\/\/www.iedq.com.br\/site\/","sameAs":[],"logo":{"@type":"ImageObject","@id":"https:\/\/www.iedq.com.br\/site\/#logo","inLanguage":"pt-BR","url":"https:\/\/www.iedq.com.br\/site\/wp-content\/uploads\/2015\/06\/logomarca_site.png","contentUrl":"https:\/\/www.iedq.com.br\/site\/wp-content\/uploads\/2015\/06\/logomarca_site.png","width":228,"height":98,"caption":"Instituto de Ensino Dom Quixote"},"image":{"@id":"https:\/\/www.iedq.com.br\/site\/#logo"}},{"@type":"WebSite","@id":"https:\/\/www.iedq.com.br\/site\/#website","url":"https:\/\/www.iedq.com.br\/site\/","name":"Instituto de Ensino Dom Quixote - Valen\u00e7a do Piau\u00ed - Piau\u00ed","description":"Escola privada de Valen\u00e7a do Piau\u00ed-PI","publisher":{"@id":"https:\/\/www.iedq.com.br\/site\/#organization"},"potentialAction":[{"@type":"SearchAction","target":{"@type":"EntryPoint","urlTemplate":"https:\/\/www.iedq.com.br\/site\/?s={search_term_string}"},"query-input":"required name=search_term_string"}],"inLanguage":"pt-BR"},{"@type":"ImageObject","@id":"https:\/\/www.iedq.com.br\/site\/coronavirus-orientacoes-de-prevencao\/#primaryimage","inLanguage":"pt-BR","url":"https:\/\/www.iedq.com.br\/site\/wp-content\/uploads\/2020\/03\/IMG_20200318_105343_343.jpg","contentUrl":"https:\/\/www.iedq.com.br\/site\/wp-content\/uploads\/2020\/03\/IMG_20200318_105343_343.jpg","width":1080,"height":1080},{"@type":"WebPage","@id":"https:\/\/www.iedq.com.br\/site\/coronavirus-orientacoes-de-prevencao\/#webpage","url":"https:\/\/www.iedq.com.br\/site\/coronavirus-orientacoes-de-prevencao\/","name":"Coronav\u00edrus: orienta\u00e7\u00f5es de preven\u00e7\u00e3o - Instituto de Ensino Dom Quixote - Valen\u00e7a do Piau\u00ed - Piau\u00ed","isPartOf":{"@id":"https:\/\/www.iedq.com.br\/site\/#website"},"primaryImageOfPage":{"@id":"https:\/\/www.iedq.com.br\/site\/coronavirus-orientacoes-de-prevencao\/#primaryimage"},"datePublished":"2020-03-18T14:09:37+00:00","dateModified":"2020-03-18T14:09:37+00:00","description":"O Instituto de Ensino Dom Quixote nasceu de um \u201cProjeto Sonho\u201d arrojado e audacioso de Ana Belisa Souza Lima Verde e Etevalda Oliveira, atrav\u00e9s de seus antecessores o GURI e EDUCA, estas educadoras valencianas t\u00eam uma grande parcela de contribui\u00e7\u00e3o na educa\u00e7\u00e3o desta regi\u00e3o, respons\u00e1veis pela forma\u00e7\u00e3o em todos os segmentos profissionais da maioria das crian\u00e7as e jovens de nossa regi\u00e3o, oferecendo uma base escolar consistente.","breadcrumb":{"@id":"https:\/\/www.iedq.com.br\/site\/coronavirus-orientacoes-de-prevencao\/#breadcrumb"},"inLanguage":"pt-BR","potentialAction":[{"@type":"ReadAction","target":["https:\/\/www.iedq.com.br\/site\/coronavirus-orientacoes-de-prevencao\/"]}]},{"@type":"BreadcrumbList","@id":"https:\/\/www.iedq.com.br\/site\/coronavirus-orientacoes-de-prevencao\/#breadcrumb","itemListElement":[{"@type":"ListItem","position":1,"name":"In\u00edcio","item":"https:\/\/www.iedq.com.br\/site\/"},{"@type":"ListItem","position":2,"name":"Coronav\u00edrus: orienta\u00e7\u00f5es de preven\u00e7\u00e3o"}]},{"@type":"Article","@id":"https:\/\/www.iedq.com.br\/site\/coronavirus-orientacoes-de-prevencao\/#article","isPartOf":{"@id":"https:\/\/www.iedq.com.br\/site\/coronavirus-orientacoes-de-prevencao\/#webpage"},"author":{"@id":"https:\/\/www.iedq.com.br\/site\/#\/schema\/person\/b29eb486942218b8123f4bf92a156394"},"headline":"Coronav\u00edrus: orienta\u00e7\u00f5es de preven\u00e7\u00e3o","datePublished":"2020-03-18T14:09:37+00:00","dateModified":"2020-03-18T14:09:37+00:00","mainEntityOfPage":{"@id":"https:\/\/www.iedq.com.br\/site\/coronavirus-orientacoes-de-prevencao\/#webpage"},"wordCount":26,"commentCount":0,"publisher":{"@id":"https:\/\/www.iedq.com.br\/site\/#organization"},"image":{"@id":"https:\/\/www.iedq.com.br\/site\/coronavirus-orientacoes-de-prevencao\/#primaryimage"},"thumbnailUrl":"https:\/\/www.iedq.com.br\/site\/wp-content\/uploads\/2020\/03\/IMG_20200318_105343_343.jpg","articleSection":["Destaques","Not\u00edcias"],"inLanguage":"pt-BR","potentialAction":[{"@type":"CommentAction","name":"Comment","target":["https:\/\/www.iedq.com.br\/site\/coronavirus-orientacoes-de-prevencao\/#respond"]}]},{"@type":"Person","@id":"https:\/\/www.iedq.com.br\/site\/#\/schema\/person\/b29eb486942218b8123f4bf92a156394","name":"IEDQ","image":{"@type":"ImageObject","@id":"https:\/\/www.iedq.com.br\/site\/#personlogo","inLanguage":"pt-BR","url":"https:\/\/secure.gravatar.com\/avatar\/26f562346ae3f5dbc7fe9423cb1cc834?s=96&d=mm&r=g","contentUrl":"https:\/\/secure.gravatar.com\/avatar\/26f562346ae3f5dbc7fe9423cb1cc834?s=96&d=mm&r=g","caption":"IEDQ"},"url":"https:\/\/www.iedq.com.br\/site\/author\/iedq\/"}]}},"_links":{"self":[{"href":"https:\/\/www.iedq.com.br\/site\/wp-json\/wp\/v2\/posts\/27068"}],"collection":[{"href":"https:\/\/www.iedq.com.br\/site\/wp-json\/wp\/v2\/posts"}],"about":[{"href":"https:\/\/www.iedq.com.br\/site\/wp-json\/wp\/v2\/types\/post"}],"author":[{"embeddable":true,"href":"https:\/\/www.iedq.com.br\/site\/wp-json\/wp\/v2\/users\/3"}],"replies":[{"embeddable":true,"href":"https:\/\/www.iedq.com.br\/site\/wp-json\/wp\/v2\/comments?post=27068"}],"version-history":[{"count":1,"href":"https:\/\/www.iedq.com.br\/site\/wp-json\/wp\/v2\/posts\/27068\/revisions"}],"predecessor-version":[{"id":27075,"href":"https:\/\/www.iedq.com.br\/site\/wp-json\/wp\/v2\/posts\/27068\/revisions\/27075"}],"wp:featuredmedia":[{"embeddable":true,"href":"https:\/\/www.iedq.com.br\/site\/wp-json\/wp\/v2\/media\/27069"}],"wp:attachment":[{"href":"https:\/\/www.iedq.com.br\/site\/wp-json\/wp\/v2\/media?parent=27068"}],"wp:term":[{"taxonomy":"category","embeddable":true,"href":"https:\/\/www.iedq.com.br\/site\/wp-json\/wp\/v2\/categories?post=27068"},{"taxonomy":"post_tag","embeddable":true,"href":"https:\/\/www.iedq.com.br\/site\/wp-json\/wp\/v2\/tags?post=27068"}],"curies":[{"name":"wp","href":"https:\/\/api.w.org\/{rel}","templated":true}]}}