{"id":2938,"date":"2016-04-29T06:53:21","date_gmt":"2016-04-29T11:53:21","guid":{"rendered":"http:\/\/www.iedq.com.br\/site\/?p=2938"},"modified":"2016-04-29T06:56:14","modified_gmt":"2016-04-29T11:56:14","slug":"comunicado-reuniao-de-pais","status":"publish","type":"post","link":"https:\/\/www.iedq.com.br\/site\/comunicado-reuniao-de-pais\/","title":{"rendered":"Comunicado Reuni\u00e3o de Pais"},"content":{"rendered":"<p><a href=\"http:\/\/www.iedq.com.br\/site\/wp-content\/uploads\/2016\/04\/COMUNICADO-REUNI\u00c3O-DE-PAIS-E-MESTRES-MATERNAL-AO-PRIMEIRO-ANO.pdf\">COMUNICADO REUNI\u00c3O DE PAIS E MESTRES MATERNAL AO PRIMEIRO ANO<\/a><\/p>\n","protected":false},"excerpt":{"rendered":"<p>COMUNICADO REUNI\u00c3O DE PAIS E MESTRES MATERNAL AO PRIMEIRO ANO<\/p>\n","protected":false},"author":3,"featured_media":0,"comment_status":"open","ping_status":"open","sticky":false,"template":"","format":"standard","meta":[],"categories":[24,4],"tags":[],"yoast_head":"<!-- This site is optimized with the Yoast SEO plugin v18.2 - https:\/\/yoast.com\/wordpress\/plugins\/seo\/ -->\n<title>Comunicado Reuni\u00e3o de Pais - Instituto de Ensino Dom Quixote - Valen\u00e7a do Piau\u00ed - Piau\u00ed<\/title>\n<meta name=\"description\" content=\"O Instituto de Ensino Dom Quixote nasceu de um \u201cProjeto Sonho\u201d arrojado e audacioso de Ana Belisa Souza Lima Verde e Etevalda Oliveira, atrav\u00e9s de seus antecessores o GURI e EDUCA, estas educadoras valencianas t\u00eam uma grande parcela de contribui\u00e7\u00e3o na educa\u00e7\u00e3o desta regi\u00e3o, respons\u00e1veis pela forma\u00e7\u00e3o em todos os segmentos profissionais da maioria das crian\u00e7as e jovens de nossa regi\u00e3o, oferecendo uma base escolar consistente.\" \/>\n<meta name=\"robots\" content=\"index, follow, max-snippet:-1, max-image-preview:large, max-video-preview:-1\" \/>\n<link rel=\"canonical\" href=\"https:\/\/www.iedq.com.br\/site\/comunicado-reuniao-de-pais\/\" \/>\n<meta property=\"og:locale\" content=\"pt_BR\" \/>\n<meta property=\"og:type\" content=\"article\" \/>\n<meta property=\"og:title\" content=\"Comunicado Reuni\u00e3o de Pais - Instituto de Ensino Dom Quixote - Valen\u00e7a do Piau\u00ed - Piau\u00ed\" \/>\n<meta property=\"og:description\" content=\"O Instituto de Ensino Dom Quixote nasceu de um \u201cProjeto Sonho\u201d arrojado e audacioso de Ana Belisa Souza Lima Verde e Etevalda Oliveira, atrav\u00e9s de seus antecessores o GURI e EDUCA, estas educadoras valencianas t\u00eam uma grande parcela de contribui\u00e7\u00e3o na educa\u00e7\u00e3o desta regi\u00e3o, respons\u00e1veis pela forma\u00e7\u00e3o em todos os segmentos profissionais da maioria das crian\u00e7as e jovens de nossa regi\u00e3o, oferecendo uma base escolar consistente.\" \/>\n<meta property=\"og:url\" content=\"https:\/\/www.iedq.com.br\/site\/comunicado-reuniao-de-pais\/\" \/>\n<meta property=\"og:site_name\" content=\"Instituto de Ensino Dom Quixote - Valen\u00e7a do Piau\u00ed - Piau\u00ed\" \/>\n<meta property=\"article:published_time\" content=\"2016-04-29T11:53:21+00:00\" \/>\n<meta property=\"article:modified_time\" content=\"2016-04-29T11:56:14+00:00\" \/>\n<meta name=\"twitter:card\" content=\"summary_large_image\" \/>\n<meta name=\"twitter:label1\" content=\"Escrito por\" \/>\n\t<meta name=\"twitter:data1\" content=\"IEDQ\" \/>\n<script type=\"application\/ld+json\" class=\"yoast-schema-graph\">{\"@context\":\"https:\/\/schema.org\",\"@graph\":[{\"@type\":\"Organization\",\"@id\":\"https:\/\/www.iedq.com.br\/site\/#organization\",\"name\":\"Instituto de Ensino Dom Quixote\",\"url\":\"https:\/\/www.iedq.com.br\/site\/\",\"sameAs\":[],\"logo\":{\"@type\":\"ImageObject\",\"@id\":\"https:\/\/www.iedq.com.br\/site\/#logo\",\"inLanguage\":\"pt-BR\",\"url\":\"https:\/\/www.iedq.com.br\/site\/wp-content\/uploads\/2015\/06\/logomarca_site.png\",\"contentUrl\":\"https:\/\/www.iedq.com.br\/site\/wp-content\/uploads\/2015\/06\/logomarca_site.png\",\"width\":228,\"height\":98,\"caption\":\"Instituto de Ensino Dom Quixote\"},\"image\":{\"@id\":\"https:\/\/www.iedq.com.br\/site\/#logo\"}},{\"@type\":\"WebSite\",\"@id\":\"https:\/\/www.iedq.com.br\/site\/#website\",\"url\":\"https:\/\/www.iedq.com.br\/site\/\",\"name\":\"Instituto de Ensino Dom Quixote - Valen\u00e7a do Piau\u00ed - Piau\u00ed\",\"description\":\"Escola privada de Valen\u00e7a do Piau\u00ed-PI\",\"publisher\":{\"@id\":\"https:\/\/www.iedq.com.br\/site\/#organization\"},\"potentialAction\":[{\"@type\":\"SearchAction\",\"target\":{\"@type\":\"EntryPoint\",\"urlTemplate\":\"https:\/\/www.iedq.com.br\/site\/?s={search_term_string}\"},\"query-input\":\"required name=search_term_string\"}],\"inLanguage\":\"pt-BR\"},{\"@type\":\"WebPage\",\"@id\":\"https:\/\/www.iedq.com.br\/site\/comunicado-reuniao-de-pais\/#webpage\",\"url\":\"https:\/\/www.iedq.com.br\/site\/comunicado-reuniao-de-pais\/\",\"name\":\"Comunicado Reuni\u00e3o de Pais - Instituto de Ensino Dom Quixote - Valen\u00e7a do Piau\u00ed - Piau\u00ed\",\"isPartOf\":{\"@id\":\"https:\/\/www.iedq.com.br\/site\/#website\"},\"datePublished\":\"2016-04-29T11:53:21+00:00\",\"dateModified\":\"2016-04-29T11:56:14+00:00\",\"description\":\"O Instituto de Ensino Dom Quixote nasceu de um \u201cProjeto Sonho\u201d arrojado e audacioso de Ana Belisa Souza Lima Verde e Etevalda Oliveira, atrav\u00e9s de seus antecessores o GURI e EDUCA, estas educadoras valencianas t\u00eam uma grande parcela de contribui\u00e7\u00e3o na educa\u00e7\u00e3o desta regi\u00e3o, respons\u00e1veis pela forma\u00e7\u00e3o em todos os segmentos profissionais da maioria das crian\u00e7as e jovens de nossa regi\u00e3o, oferecendo uma base escolar consistente.\",\"breadcrumb\":{\"@id\":\"https:\/\/www.iedq.com.br\/site\/comunicado-reuniao-de-pais\/#breadcrumb\"},\"inLanguage\":\"pt-BR\",\"potentialAction\":[{\"@type\":\"ReadAction\",\"target\":[\"https:\/\/www.iedq.com.br\/site\/comunicado-reuniao-de-pais\/\"]}]},{\"@type\":\"BreadcrumbList\",\"@id\":\"https:\/\/www.iedq.com.br\/site\/comunicado-reuniao-de-pais\/#breadcrumb\",\"itemListElement\":[{\"@type\":\"ListItem\",\"position\":1,\"name\":\"In\u00edcio\",\"item\":\"https:\/\/www.iedq.com.br\/site\/\"},{\"@type\":\"ListItem\",\"position\":2,\"name\":\"Comunicado Reuni\u00e3o de Pais\"}]},{\"@type\":\"Article\",\"@id\":\"https:\/\/www.iedq.com.br\/site\/comunicado-reuniao-de-pais\/#article\",\"isPartOf\":{\"@id\":\"https:\/\/www.iedq.com.br\/site\/comunicado-reuniao-de-pais\/#webpage\"},\"author\":{\"@id\":\"https:\/\/www.iedq.com.br\/site\/#\/schema\/person\/b29eb486942218b8123f4bf92a156394\"},\"headline\":\"Comunicado Reuni\u00e3o de Pais\",\"datePublished\":\"2016-04-29T11:53:21+00:00\",\"dateModified\":\"2016-04-29T11:56:14+00:00\",\"mainEntityOfPage\":{\"@id\":\"https:\/\/www.iedq.com.br\/site\/comunicado-reuniao-de-pais\/#webpage\"},\"wordCount\":16,\"commentCount\":0,\"publisher\":{\"@id\":\"https:\/\/www.iedq.com.br\/site\/#organization\"},\"articleSection\":[\"Comunicado Educa\u00e7\u00e3o Infantil\",\"Comunicados Educa\u00e7\u00e3o Infantil\"],\"inLanguage\":\"pt-BR\",\"potentialAction\":[{\"@type\":\"CommentAction\",\"name\":\"Comment\",\"target\":[\"https:\/\/www.iedq.com.br\/site\/comunicado-reuniao-de-pais\/#respond\"]}]},{\"@type\":\"Person\",\"@id\":\"https:\/\/www.iedq.com.br\/site\/#\/schema\/person\/b29eb486942218b8123f4bf92a156394\",\"name\":\"IEDQ\",\"image\":{\"@type\":\"ImageObject\",\"@id\":\"https:\/\/www.iedq.com.br\/site\/#personlogo\",\"inLanguage\":\"pt-BR\",\"url\":\"https:\/\/secure.gravatar.com\/avatar\/26f562346ae3f5dbc7fe9423cb1cc834?s=96&d=mm&r=g\",\"contentUrl\":\"https:\/\/secure.gravatar.com\/avatar\/26f562346ae3f5dbc7fe9423cb1cc834?s=96&d=mm&r=g\",\"caption\":\"IEDQ\"},\"url\":\"https:\/\/www.iedq.com.br\/site\/author\/iedq\/\"}]}<\/script>\n<!-- \/ Yoast SEO plugin. -->","yoast_head_json":{"title":"Comunicado Reuni\u00e3o de Pais - Instituto de Ensino Dom Quixote - Valen\u00e7a do Piau\u00ed - Piau\u00ed","description":"O Instituto de Ensino Dom Quixote nasceu de um \u201cProjeto Sonho\u201d arrojado e audacioso de Ana Belisa Souza Lima Verde e Etevalda Oliveira, atrav\u00e9s de seus antecessores o GURI e EDUCA, estas educadoras valencianas t\u00eam uma grande parcela de contribui\u00e7\u00e3o na educa\u00e7\u00e3o desta regi\u00e3o, respons\u00e1veis pela forma\u00e7\u00e3o em todos os segmentos profissionais da maioria das crian\u00e7as e jovens de nossa regi\u00e3o, oferecendo uma base escolar consistente.","robots":{"index":"index","follow":"follow","max-snippet":"max-snippet:-1","max-image-preview":"max-image-preview:large","max-video-preview":"max-video-preview:-1"},"canonical":"https:\/\/www.iedq.com.br\/site\/comunicado-reuniao-de-pais\/","og_locale":"pt_BR","og_type":"article","og_title":"Comunicado Reuni\u00e3o de Pais - Instituto de Ensino Dom Quixote - Valen\u00e7a do Piau\u00ed - Piau\u00ed","og_description":"O Instituto de Ensino Dom Quixote nasceu de um \u201cProjeto Sonho\u201d arrojado e audacioso de Ana Belisa Souza Lima Verde e Etevalda Oliveira, atrav\u00e9s de seus antecessores o GURI e EDUCA, estas educadoras valencianas t\u00eam uma grande parcela de contribui\u00e7\u00e3o na educa\u00e7\u00e3o desta regi\u00e3o, respons\u00e1veis pela forma\u00e7\u00e3o em todos os segmentos profissionais da maioria das crian\u00e7as e jovens de nossa regi\u00e3o, oferecendo uma base escolar consistente.","og_url":"https:\/\/www.iedq.com.br\/site\/comunicado-reuniao-de-pais\/","og_site_name":"Instituto de Ensino Dom Quixote - Valen\u00e7a do Piau\u00ed - Piau\u00ed","article_published_time":"2016-04-29T11:53:21+00:00","article_modified_time":"2016-04-29T11:56:14+00:00","twitter_card":"summary_large_image","twitter_misc":{"Escrito por":"IEDQ"},"schema":{"@context":"https:\/\/schema.org","@graph":[{"@type":"Organization","@id":"https:\/\/www.iedq.com.br\/site\/#organization","name":"Instituto de Ensino Dom Quixote","url":"https:\/\/www.iedq.com.br\/site\/","sameAs":[],"logo":{"@type":"ImageObject","@id":"https:\/\/www.iedq.com.br\/site\/#logo","inLanguage":"pt-BR","url":"https:\/\/www.iedq.com.br\/site\/wp-content\/uploads\/2015\/06\/logomarca_site.png","contentUrl":"https:\/\/www.iedq.com.br\/site\/wp-content\/uploads\/2015\/06\/logomarca_site.png","width":228,"height":98,"caption":"Instituto de Ensino Dom Quixote"},"image":{"@id":"https:\/\/www.iedq.com.br\/site\/#logo"}},{"@type":"WebSite","@id":"https:\/\/www.iedq.com.br\/site\/#website","url":"https:\/\/www.iedq.com.br\/site\/","name":"Instituto de Ensino Dom Quixote - Valen\u00e7a do Piau\u00ed - Piau\u00ed","description":"Escola privada de Valen\u00e7a do Piau\u00ed-PI","publisher":{"@id":"https:\/\/www.iedq.com.br\/site\/#organization"},"potentialAction":[{"@type":"SearchAction","target":{"@type":"EntryPoint","urlTemplate":"https:\/\/www.iedq.com.br\/site\/?s={search_term_string}"},"query-input":"required name=search_term_string"}],"inLanguage":"pt-BR"},{"@type":"WebPage","@id":"https:\/\/www.iedq.com.br\/site\/comunicado-reuniao-de-pais\/#webpage","url":"https:\/\/www.iedq.com.br\/site\/comunicado-reuniao-de-pais\/","name":"Comunicado Reuni\u00e3o de Pais - Instituto de Ensino Dom Quixote - Valen\u00e7a do Piau\u00ed - Piau\u00ed","isPartOf":{"@id":"https:\/\/www.iedq.com.br\/site\/#website"},"datePublished":"2016-04-29T11:53:21+00:00","dateModified":"2016-04-29T11:56:14+00:00","description":"O Instituto de Ensino Dom Quixote nasceu de um \u201cProjeto Sonho\u201d arrojado e audacioso de Ana Belisa Souza Lima Verde e Etevalda Oliveira, atrav\u00e9s de seus antecessores o GURI e EDUCA, estas educadoras valencianas t\u00eam uma grande parcela de contribui\u00e7\u00e3o na educa\u00e7\u00e3o desta regi\u00e3o, respons\u00e1veis pela forma\u00e7\u00e3o em todos os segmentos profissionais da maioria das crian\u00e7as e jovens de nossa regi\u00e3o, oferecendo uma base escolar consistente.","breadcrumb":{"@id":"https:\/\/www.iedq.com.br\/site\/comunicado-reuniao-de-pais\/#breadcrumb"},"inLanguage":"pt-BR","potentialAction":[{"@type":"ReadAction","target":["https:\/\/www.iedq.com.br\/site\/comunicado-reuniao-de-pais\/"]}]},{"@type":"BreadcrumbList","@id":"https:\/\/www.iedq.com.br\/site\/comunicado-reuniao-de-pais\/#breadcrumb","itemListElement":[{"@type":"ListItem","position":1,"name":"In\u00edcio","item":"https:\/\/www.iedq.com.br\/site\/"},{"@type":"ListItem","position":2,"name":"Comunicado Reuni\u00e3o de Pais"}]},{"@type":"Article","@id":"https:\/\/www.iedq.com.br\/site\/comunicado-reuniao-de-pais\/#article","isPartOf":{"@id":"https:\/\/www.iedq.com.br\/site\/comunicado-reuniao-de-pais\/#webpage"},"author":{"@id":"https:\/\/www.iedq.com.br\/site\/#\/schema\/person\/b29eb486942218b8123f4bf92a156394"},"headline":"Comunicado Reuni\u00e3o de Pais","datePublished":"2016-04-29T11:53:21+00:00","dateModified":"2016-04-29T11:56:14+00:00","mainEntityOfPage":{"@id":"https:\/\/www.iedq.com.br\/site\/comunicado-reuniao-de-pais\/#webpage"},"wordCount":16,"commentCount":0,"publisher":{"@id":"https:\/\/www.iedq.com.br\/site\/#organization"},"articleSection":["Comunicado Educa\u00e7\u00e3o Infantil","Comunicados Educa\u00e7\u00e3o Infantil"],"inLanguage":"pt-BR","potentialAction":[{"@type":"CommentAction","name":"Comment","target":["https:\/\/www.iedq.com.br\/site\/comunicado-reuniao-de-pais\/#respond"]}]},{"@type":"Person","@id":"https:\/\/www.iedq.com.br\/site\/#\/schema\/person\/b29eb486942218b8123f4bf92a156394","name":"IEDQ","image":{"@type":"ImageObject","@id":"https:\/\/www.iedq.com.br\/site\/#personlogo","inLanguage":"pt-BR","url":"https:\/\/secure.gravatar.com\/avatar\/26f562346ae3f5dbc7fe9423cb1cc834?s=96&d=mm&r=g","contentUrl":"https:\/\/secure.gravatar.com\/avatar\/26f562346ae3f5dbc7fe9423cb1cc834?s=96&d=mm&r=g","caption":"IEDQ"},"url":"https:\/\/www.iedq.com.br\/site\/author\/iedq\/"}]}},"_links":{"self":[{"href":"https:\/\/www.iedq.com.br\/site\/wp-json\/wp\/v2\/posts\/2938"}],"collection":[{"href":"https:\/\/www.iedq.com.br\/site\/wp-json\/wp\/v2\/posts"}],"about":[{"href":"https:\/\/www.iedq.com.br\/site\/wp-json\/wp\/v2\/types\/post"}],"author":[{"embeddable":true,"href":"https:\/\/www.iedq.com.br\/site\/wp-json\/wp\/v2\/users\/3"}],"replies":[{"embeddable":true,"href":"https:\/\/www.iedq.com.br\/site\/wp-json\/wp\/v2\/comments?post=2938"}],"version-history":[{"count":1,"href":"https:\/\/www.iedq.com.br\/site\/wp-json\/wp\/v2\/posts\/2938\/revisions"}],"predecessor-version":[{"id":2940,"href":"https:\/\/www.iedq.com.br\/site\/wp-json\/wp\/v2\/posts\/2938\/revisions\/2940"}],"wp:attachment":[{"href":"https:\/\/www.iedq.com.br\/site\/wp-json\/wp\/v2\/media?parent=2938"}],"wp:term":[{"taxonomy":"category","embeddable":true,"href":"https:\/\/www.iedq.com.br\/site\/wp-json\/wp\/v2\/categories?post=2938"},{"taxonomy":"post_tag","embeddable":true,"href":"https:\/\/www.iedq.com.br\/site\/wp-json\/wp\/v2\/tags?post=2938"}],"curies":[{"name":"wp","href":"https:\/\/api.w.org\/{rel}","templated":true}]}}